{"id":436,"date":"2022-07-05T15:15:55","date_gmt":"2022-07-05T13:15:55","guid":{"rendered":"https:\/\/pharmacie-kerangal.com\/pharmacie\/?p=436"},"modified":"2022-07-05T15:15:56","modified_gmt":"2022-07-05T13:15:56","slug":"horaires-dete","status":"publish","type":"post","link":"https:\/\/pharmacie-kerangal.com\/pharmacie\/article\/horaires-dete\/","title":{"rendered":"Horaires d&rsquo;\u00e9t\u00e9"},"content":{"rendered":"\n<figure class=\"wp-block-image size-large is-style-default\"><img loading=\"lazy\" width=\"1024\" height=\"1024\" src=\"http:\/\/pharmacie-kerangal.com\/pharmacie\/wp-content\/uploads\/sites\/2\/2022\/07\/Horaire-e\u0301te\u0301-inst-1024x1024.jpg\" alt=\"\" class=\"wp-image-435\" srcset=\"https:\/\/pharmacie-kerangal.com\/pharmacie\/wp-content\/uploads\/sites\/2\/2022\/07\/Horaire-e\u0301te\u0301-inst-1024x1024.jpg 1024w, https:\/\/pharmacie-kerangal.com\/pharmacie\/wp-content\/uploads\/sites\/2\/2022\/07\/Horaire-e\u0301te\u0301-inst-300x300.jpg 300w, https:\/\/pharmacie-kerangal.com\/pharmacie\/wp-content\/uploads\/sites\/2\/2022\/07\/Horaire-e\u0301te\u0301-inst-150x150.jpg 150w, https:\/\/pharmacie-kerangal.com\/pharmacie\/wp-content\/uploads\/sites\/2\/2022\/07\/Horaire-e\u0301te\u0301-inst-768x768.jpg 768w, https:\/\/pharmacie-kerangal.com\/pharmacie\/wp-content\/uploads\/sites\/2\/2022\/07\/Horaire-e\u0301te\u0301-inst.jpg 1080w\" sizes=\"(max-width: 1024px) 100vw, 1024px\" \/><\/figure>\n\n\n\n<p>Du 4 juillet et jusqu&rsquo;au 4 septembre inclus, nous adoptons nos horaires estivaux \u00e0 la pharmacie Kerangal.<\/p>\n\n\n\n<p>Nous serons notamment ferm\u00e9s les samedis apr\u00e8s-midi, pensez \u00e0 venir chercher vos commandes et pr\u00e9parations le samedi matin<\/p>\n\n\n\n<p>Bel \u00e9t\u00e9<\/p>\n","protected":false},"excerpt":{"rendered":"<p>Du 4 juillet et jusqu&rsquo;au 4 septembre inclus, nous adoptons nos horaires estivaux \u00e0 la pharmacie Kerangal. Nous serons notamment ferm\u00e9s les samedis apr\u00e8s-midi, pensez \u00e0 venir chercher vos commandes et pr\u00e9parations le samedi matin Bel \u00e9t\u00e9<\/p>\n","protected":false},"author":2,"featured_media":0,"comment_status":"open","ping_status":"open","sticky":false,"template":"","format":"standard","meta":[],"categories":[27],"tags":[29,22,30,6,31,12],"yoast_head":"<!-- This site is optimized with the Yoast SEO plugin v17.3 - https:\/\/yoast.com\/wordpress\/plugins\/seo\/ -->\n<title>Horaires d&#039;\u00e9t\u00e9 - pharmacie Kerangal<\/title>\n<meta name=\"description\" content=\"Du 4 juillet au 4 septembre, nous adoptons nos horaires estivaux \u00e0 la pharmacie. Nous serons notamment ferm\u00e9s le samedi apr\u00e8s-midi\" \/>\n<meta name=\"robots\" content=\"index, follow, max-snippet:-1, max-image-preview:large, max-video-preview:-1\" \/>\n<link rel=\"canonical\" href=\"https:\/\/pharmacie-kerangal.com\/pharmacie\/article\/horaires-dete\/\" \/>\n<meta property=\"og:locale\" content=\"fr_FR\" \/>\n<meta property=\"og:type\" content=\"article\" \/>\n<meta property=\"og:title\" content=\"Horaires d&#039;\u00e9t\u00e9 - pharmacie Kerangal\" \/>\n<meta property=\"og:description\" content=\"Du 4 juillet au 4 septembre, nous adoptons nos horaires estivaux \u00e0 la pharmacie. Nous serons notamment ferm\u00e9s le samedi apr\u00e8s-midi\" \/>\n<meta property=\"og:url\" content=\"https:\/\/pharmacie-kerangal.com\/pharmacie\/article\/horaires-dete\/\" \/>\n<meta property=\"og:site_name\" content=\"pharmacie Kerangal\" \/>\n<meta property=\"article:publisher\" content=\"https:\/\/www.facebook.com\/pharmacie.kerangal\" \/>\n<meta property=\"article:published_time\" content=\"2022-07-05T13:15:55+00:00\" \/>\n<meta property=\"article:modified_time\" content=\"2022-07-05T13:15:56+00:00\" \/>\n<meta property=\"og:image\" content=\"http:\/\/pharmacie-kerangal.com\/pharmacie\/wp-content\/uploads\/sites\/2\/2022\/07\/Horaire-e\u0301te\u0301-inst-1024x1024.jpg\" \/>\n<meta name=\"twitter:card\" content=\"summary_large_image\" \/>\n<meta name=\"twitter:label1\" content=\"\u00c9crit par\" \/>\n\t<meta name=\"twitter:data1\" content=\"adminkerangal\" \/>\n\t<meta name=\"twitter:label2\" content=\"Dur\u00e9e de lecture estim\u00e9e\" \/>\n\t<meta name=\"twitter:data2\" content=\"1 minute\" \/>\n<script type=\"application\/ld+json\" class=\"yoast-schema-graph\">{\"@context\":\"https:\/\/schema.org\",\"@graph\":[{\"@type\":\"Organization\",\"@id\":\"http:\/\/pharmacie-kerangal.com\/pharmacie\/#organization\",\"name\":\"Pharmacie KERANGAL\",\"url\":\"http:\/\/pharmacie-kerangal.com\/pharmacie\/\",\"sameAs\":[\"https:\/\/www.facebook.com\/pharmacie.kerangal\"],\"logo\":{\"@type\":\"ImageObject\",\"@id\":\"http:\/\/pharmacie-kerangal.com\/pharmacie\/#logo\",\"inLanguage\":\"fr-FR\",\"url\":\"https:\/\/pharmacie-kerangal.com\/pharmacie\/wp-content\/uploads\/sites\/2\/2020\/09\/cropped-favicon-pharmacie.png\",\"contentUrl\":\"https:\/\/pharmacie-kerangal.com\/pharmacie\/wp-content\/uploads\/sites\/2\/2020\/09\/cropped-favicon-pharmacie.png\",\"width\":512,\"height\":512,\"caption\":\"Pharmacie KERANGAL\"},\"image\":{\"@id\":\"http:\/\/pharmacie-kerangal.com\/pharmacie\/#logo\"}},{\"@type\":\"WebSite\",\"@id\":\"http:\/\/pharmacie-kerangal.com\/pharmacie\/#website\",\"url\":\"http:\/\/pharmacie-kerangal.com\/pharmacie\/\",\"name\":\"pharmacie Kerangal\",\"description\":\"Les sites de la pharmacie kerangal\",\"publisher\":{\"@id\":\"http:\/\/pharmacie-kerangal.com\/pharmacie\/#organization\"},\"potentialAction\":[{\"@type\":\"SearchAction\",\"target\":{\"@type\":\"EntryPoint\",\"urlTemplate\":\"http:\/\/pharmacie-kerangal.com\/pharmacie\/?s={search_term_string}\"},\"query-input\":\"required name=search_term_string\"}],\"inLanguage\":\"fr-FR\"},{\"@type\":\"ImageObject\",\"@id\":\"https:\/\/pharmacie-kerangal.com\/pharmacie\/article\/horaires-dete\/#primaryimage\",\"inLanguage\":\"fr-FR\",\"url\":\"http:\/\/pharmacie-kerangal.com\/pharmacie\/wp-content\/uploads\/sites\/2\/2022\/07\/Horaire-e\\u0301te\\u0301-inst-1024x1024.jpg\",\"contentUrl\":\"http:\/\/pharmacie-kerangal.com\/pharmacie\/wp-content\/uploads\/sites\/2\/2022\/07\/Horaire-e\\u0301te\\u0301-inst-1024x1024.jpg\"},{\"@type\":\"WebPage\",\"@id\":\"https:\/\/pharmacie-kerangal.com\/pharmacie\/article\/horaires-dete\/#webpage\",\"url\":\"https:\/\/pharmacie-kerangal.com\/pharmacie\/article\/horaires-dete\/\",\"name\":\"Horaires d'\\u00e9t\\u00e9 - pharmacie Kerangal\",\"isPartOf\":{\"@id\":\"http:\/\/pharmacie-kerangal.com\/pharmacie\/#website\"},\"primaryImageOfPage\":{\"@id\":\"https:\/\/pharmacie-kerangal.com\/pharmacie\/article\/horaires-dete\/#primaryimage\"},\"datePublished\":\"2022-07-05T13:15:55+00:00\",\"dateModified\":\"2022-07-05T13:15:56+00:00\",\"description\":\"Du 4 juillet au 4 septembre, nous adoptons nos horaires estivaux \\u00e0 la pharmacie. Nous serons notamment ferm\\u00e9s le samedi apr\\u00e8s-midi\",\"breadcrumb\":{\"@id\":\"https:\/\/pharmacie-kerangal.com\/pharmacie\/article\/horaires-dete\/#breadcrumb\"},\"inLanguage\":\"fr-FR\",\"potentialAction\":[{\"@type\":\"ReadAction\",\"target\":[\"https:\/\/pharmacie-kerangal.com\/pharmacie\/article\/horaires-dete\/\"]}]},{\"@type\":\"BreadcrumbList\",\"@id\":\"https:\/\/pharmacie-kerangal.com\/pharmacie\/article\/horaires-dete\/#breadcrumb\",\"itemListElement\":[{\"@type\":\"ListItem\",\"position\":1,\"name\":\"Accueil\",\"item\":\"http:\/\/pharmacie-kerangal.com\/pharmacie\/\"},{\"@type\":\"ListItem\",\"position\":2,\"name\":\"Horaires d&rsquo;\\u00e9t\\u00e9\"}]},{\"@type\":\"Article\",\"@id\":\"https:\/\/pharmacie-kerangal.com\/pharmacie\/article\/horaires-dete\/#article\",\"isPartOf\":{\"@id\":\"https:\/\/pharmacie-kerangal.com\/pharmacie\/article\/horaires-dete\/#webpage\"},\"author\":{\"@id\":\"http:\/\/pharmacie-kerangal.com\/pharmacie\/#\/schema\/person\/a385b956f1c7dcf31c0053b09dbac0b9\"},\"headline\":\"Horaires d&rsquo;\\u00e9t\\u00e9\",\"datePublished\":\"2022-07-05T13:15:55+00:00\",\"dateModified\":\"2022-07-05T13:15:56+00:00\",\"mainEntityOfPage\":{\"@id\":\"https:\/\/pharmacie-kerangal.com\/pharmacie\/article\/horaires-dete\/#webpage\"},\"wordCount\":39,\"commentCount\":0,\"publisher\":{\"@id\":\"http:\/\/pharmacie-kerangal.com\/pharmacie\/#organization\"},\"image\":{\"@id\":\"https:\/\/pharmacie-kerangal.com\/pharmacie\/article\/horaires-dete\/#primaryimage\"},\"thumbnailUrl\":\"http:\/\/pharmacie-kerangal.com\/pharmacie\/wp-content\/uploads\/sites\/2\/2022\/07\/Horaire-e\\u0301te\\u0301-inst-1024x1024.jpg\",\"keywords\":[\"horaires\",\"kerangal\",\"medicaments\",\"pharmacie\",\"pr\\u00e9paration\",\"rennes\"],\"articleSection\":[\"Actualit\\u00e9 Pharmacie\"],\"inLanguage\":\"fr-FR\",\"potentialAction\":[{\"@type\":\"CommentAction\",\"name\":\"Comment\",\"target\":[\"https:\/\/pharmacie-kerangal.com\/pharmacie\/article\/horaires-dete\/#respond\"]}]},{\"@type\":\"Person\",\"@id\":\"http:\/\/pharmacie-kerangal.com\/pharmacie\/#\/schema\/person\/a385b956f1c7dcf31c0053b09dbac0b9\",\"name\":\"adminkerangal\",\"image\":{\"@type\":\"ImageObject\",\"@id\":\"http:\/\/pharmacie-kerangal.com\/pharmacie\/#personlogo\",\"inLanguage\":\"fr-FR\",\"url\":\"https:\/\/secure.gravatar.com\/avatar\/f7e5a72ab3077d1e84792bc3f7f01d5d?s=96&d=mm&r=g\",\"contentUrl\":\"https:\/\/secure.gravatar.com\/avatar\/f7e5a72ab3077d1e84792bc3f7f01d5d?s=96&d=mm&r=g\",\"caption\":\"adminkerangal\"},\"url\":\"https:\/\/pharmacie-kerangal.com\/pharmacie\/article\/author\/adminkerangal\/\"}]}<\/script>\n<!-- \/ Yoast SEO plugin. -->","yoast_head_json":{"title":"Horaires d'\u00e9t\u00e9 - pharmacie Kerangal","description":"Du 4 juillet au 4 septembre, nous adoptons nos horaires estivaux \u00e0 la pharmacie. Nous serons notamment ferm\u00e9s le samedi apr\u00e8s-midi","robots":{"index":"index","follow":"follow","max-snippet":"max-snippet:-1","max-image-preview":"max-image-preview:large","max-video-preview":"max-video-preview:-1"},"canonical":"https:\/\/pharmacie-kerangal.com\/pharmacie\/article\/horaires-dete\/","og_locale":"fr_FR","og_type":"article","og_title":"Horaires d'\u00e9t\u00e9 - pharmacie Kerangal","og_description":"Du 4 juillet au 4 septembre, nous adoptons nos horaires estivaux \u00e0 la pharmacie. Nous serons notamment ferm\u00e9s le samedi apr\u00e8s-midi","og_url":"https:\/\/pharmacie-kerangal.com\/pharmacie\/article\/horaires-dete\/","og_site_name":"pharmacie Kerangal","article_publisher":"https:\/\/www.facebook.com\/pharmacie.kerangal","article_published_time":"2022-07-05T13:15:55+00:00","article_modified_time":"2022-07-05T13:15:56+00:00","og_image":[{"url":"http:\/\/pharmacie-kerangal.com\/pharmacie\/wp-content\/uploads\/sites\/2\/2022\/07\/Horaire-e\u0301te\u0301-inst-1024x1024.jpg"}],"twitter_card":"summary_large_image","twitter_misc":{"\u00c9crit par":"adminkerangal","Dur\u00e9e de lecture estim\u00e9e":"1 minute"},"schema":{"@context":"https:\/\/schema.org","@graph":[{"@type":"Organization","@id":"http:\/\/pharmacie-kerangal.com\/pharmacie\/#organization","name":"Pharmacie KERANGAL","url":"http:\/\/pharmacie-kerangal.com\/pharmacie\/","sameAs":["https:\/\/www.facebook.com\/pharmacie.kerangal"],"logo":{"@type":"ImageObject","@id":"http:\/\/pharmacie-kerangal.com\/pharmacie\/#logo","inLanguage":"fr-FR","url":"https:\/\/pharmacie-kerangal.com\/pharmacie\/wp-content\/uploads\/sites\/2\/2020\/09\/cropped-favicon-pharmacie.png","contentUrl":"https:\/\/pharmacie-kerangal.com\/pharmacie\/wp-content\/uploads\/sites\/2\/2020\/09\/cropped-favicon-pharmacie.png","width":512,"height":512,"caption":"Pharmacie KERANGAL"},"image":{"@id":"http:\/\/pharmacie-kerangal.com\/pharmacie\/#logo"}},{"@type":"WebSite","@id":"http:\/\/pharmacie-kerangal.com\/pharmacie\/#website","url":"http:\/\/pharmacie-kerangal.com\/pharmacie\/","name":"pharmacie Kerangal","description":"Les sites de la pharmacie kerangal","publisher":{"@id":"http:\/\/pharmacie-kerangal.com\/pharmacie\/#organization"},"potentialAction":[{"@type":"SearchAction","target":{"@type":"EntryPoint","urlTemplate":"http:\/\/pharmacie-kerangal.com\/pharmacie\/?s={search_term_string}"},"query-input":"required name=search_term_string"}],"inLanguage":"fr-FR"},{"@type":"ImageObject","@id":"https:\/\/pharmacie-kerangal.com\/pharmacie\/article\/horaires-dete\/#primaryimage","inLanguage":"fr-FR","url":"http:\/\/pharmacie-kerangal.com\/pharmacie\/wp-content\/uploads\/sites\/2\/2022\/07\/Horaire-e\u0301te\u0301-inst-1024x1024.jpg","contentUrl":"http:\/\/pharmacie-kerangal.com\/pharmacie\/wp-content\/uploads\/sites\/2\/2022\/07\/Horaire-e\u0301te\u0301-inst-1024x1024.jpg"},{"@type":"WebPage","@id":"https:\/\/pharmacie-kerangal.com\/pharmacie\/article\/horaires-dete\/#webpage","url":"https:\/\/pharmacie-kerangal.com\/pharmacie\/article\/horaires-dete\/","name":"Horaires d'\u00e9t\u00e9 - pharmacie Kerangal","isPartOf":{"@id":"http:\/\/pharmacie-kerangal.com\/pharmacie\/#website"},"primaryImageOfPage":{"@id":"https:\/\/pharmacie-kerangal.com\/pharmacie\/article\/horaires-dete\/#primaryimage"},"datePublished":"2022-07-05T13:15:55+00:00","dateModified":"2022-07-05T13:15:56+00:00","description":"Du 4 juillet au 4 septembre, nous adoptons nos horaires estivaux \u00e0 la pharmacie. Nous serons notamment ferm\u00e9s le samedi apr\u00e8s-midi","breadcrumb":{"@id":"https:\/\/pharmacie-kerangal.com\/pharmacie\/article\/horaires-dete\/#breadcrumb"},"inLanguage":"fr-FR","potentialAction":[{"@type":"ReadAction","target":["https:\/\/pharmacie-kerangal.com\/pharmacie\/article\/horaires-dete\/"]}]},{"@type":"BreadcrumbList","@id":"https:\/\/pharmacie-kerangal.com\/pharmacie\/article\/horaires-dete\/#breadcrumb","itemListElement":[{"@type":"ListItem","position":1,"name":"Accueil","item":"http:\/\/pharmacie-kerangal.com\/pharmacie\/"},{"@type":"ListItem","position":2,"name":"Horaires d&rsquo;\u00e9t\u00e9"}]},{"@type":"Article","@id":"https:\/\/pharmacie-kerangal.com\/pharmacie\/article\/horaires-dete\/#article","isPartOf":{"@id":"https:\/\/pharmacie-kerangal.com\/pharmacie\/article\/horaires-dete\/#webpage"},"author":{"@id":"http:\/\/pharmacie-kerangal.com\/pharmacie\/#\/schema\/person\/a385b956f1c7dcf31c0053b09dbac0b9"},"headline":"Horaires d&rsquo;\u00e9t\u00e9","datePublished":"2022-07-05T13:15:55+00:00","dateModified":"2022-07-05T13:15:56+00:00","mainEntityOfPage":{"@id":"https:\/\/pharmacie-kerangal.com\/pharmacie\/article\/horaires-dete\/#webpage"},"wordCount":39,"commentCount":0,"publisher":{"@id":"http:\/\/pharmacie-kerangal.com\/pharmacie\/#organization"},"image":{"@id":"https:\/\/pharmacie-kerangal.com\/pharmacie\/article\/horaires-dete\/#primaryimage"},"thumbnailUrl":"http:\/\/pharmacie-kerangal.com\/pharmacie\/wp-content\/uploads\/sites\/2\/2022\/07\/Horaire-e\u0301te\u0301-inst-1024x1024.jpg","keywords":["horaires","kerangal","medicaments","pharmacie","pr\u00e9paration","rennes"],"articleSection":["Actualit\u00e9 Pharmacie"],"inLanguage":"fr-FR","potentialAction":[{"@type":"CommentAction","name":"Comment","target":["https:\/\/pharmacie-kerangal.com\/pharmacie\/article\/horaires-dete\/#respond"]}]},{"@type":"Person","@id":"http:\/\/pharmacie-kerangal.com\/pharmacie\/#\/schema\/person\/a385b956f1c7dcf31c0053b09dbac0b9","name":"adminkerangal","image":{"@type":"ImageObject","@id":"http:\/\/pharmacie-kerangal.com\/pharmacie\/#personlogo","inLanguage":"fr-FR","url":"https:\/\/secure.gravatar.com\/avatar\/f7e5a72ab3077d1e84792bc3f7f01d5d?s=96&d=mm&r=g","contentUrl":"https:\/\/secure.gravatar.com\/avatar\/f7e5a72ab3077d1e84792bc3f7f01d5d?s=96&d=mm&r=g","caption":"adminkerangal"},"url":"https:\/\/pharmacie-kerangal.com\/pharmacie\/article\/author\/adminkerangal\/"}]}},"_links":{"self":[{"href":"https:\/\/pharmacie-kerangal.com\/pharmacie\/wp-json\/wp\/v2\/posts\/436"}],"collection":[{"href":"https:\/\/pharmacie-kerangal.com\/pharmacie\/wp-json\/wp\/v2\/posts"}],"about":[{"href":"https:\/\/pharmacie-kerangal.com\/pharmacie\/wp-json\/wp\/v2\/types\/post"}],"author":[{"embeddable":true,"href":"https:\/\/pharmacie-kerangal.com\/pharmacie\/wp-json\/wp\/v2\/users\/2"}],"replies":[{"embeddable":true,"href":"https:\/\/pharmacie-kerangal.com\/pharmacie\/wp-json\/wp\/v2\/comments?post=436"}],"version-history":[{"count":3,"href":"https:\/\/pharmacie-kerangal.com\/pharmacie\/wp-json\/wp\/v2\/posts\/436\/revisions"}],"predecessor-version":[{"id":439,"href":"https:\/\/pharmacie-kerangal.com\/pharmacie\/wp-json\/wp\/v2\/posts\/436\/revisions\/439"}],"wp:attachment":[{"href":"https:\/\/pharmacie-kerangal.com\/pharmacie\/wp-json\/wp\/v2\/media?parent=436"}],"wp:term":[{"taxonomy":"category","embeddable":true,"href":"https:\/\/pharmacie-kerangal.com\/pharmacie\/wp-json\/wp\/v2\/categories?post=436"},{"taxonomy":"post_tag","embeddable":true,"href":"https:\/\/pharmacie-kerangal.com\/pharmacie\/wp-json\/wp\/v2\/tags?post=436"}],"curies":[{"name":"wp","href":"https:\/\/api.w.org\/{rel}","templated":true}]}}